{"id":46228,"date":"2021-01-08T13:23:59","date_gmt":"2021-01-08T12:23:59","guid":{"rendered":"https:\/\/www.ballettodanceshop.com\/carriere-ambassadrice-balletto-dance-shop\/"},"modified":"2025-09-20T12:20:07","modified_gmt":"2025-09-20T10:20:07","slug":"balletto-dance-shop-ambassador-career","status":"publish","type":"post","link":"https:\/\/www.ballettodanceshop.com\/en\/carriere-ambassadrice-balletto-dance-shop\/","title":{"rendered":"The career of a Balletto Dance Shop Ambassador"},"content":{"rendered":"<h2 class=\"wp-block-heading\"><b>Ana\u00efs Suchet's career<\/b><\/h2>\n\n\n\n<div class=\"wp-block-group is-nowrap is-layout-flex wp-container-core-group-is-layout-ad2f72ca wp-block-group-is-layout-flex\">\n<p>Bordelaise, Ana\u00efs Suchet d\u00e9bute la danse \u00e0 l\u2019\u00e2ge de 4 ans. Elle int\u00e8gre le C.N.R. de Bordeaux \u00e0 8 ans et y poursuivra tout son cursus jusqu\u2019\u00e0 l\u2019obtention de son dipl\u00f4me d\u2019\u00e9tudes Chor\u00e9graphiques avec les f\u00e9licitations du jury \u00e0 l\u2019unanimit\u00e9. En parall\u00e8le, elle se perfectionne aupr\u00e8s de Martial Bockstaele, Danseur Etoile, artiste invit\u00e9 \u00e0 l\u2019international, professeur invit\u00e9 dans de Grandes compagnies et Ma\u00eetre de Ballet \u00e0 l\u2019Op\u00e9ra National de Bordeaux. Elle d\u00e9cide de poursuivre sa formation, sur Paris, aupr\u00e8s de Floriane Blitz, Andrzej Glegolski, Wayne Byars et \u00c9ric Camillo.<\/p>\n<\/div>\n\n\n\n<p>In 2011, <strong>she joined the VM Ballet in Toulouse<\/strong> where she worked with resident choreographer Matthew Madsen.<\/p>\n\n\n\n<p>In 2015, <strong>she joined the St Petersburg Winter Palace Ballet<\/strong> with which she took part in the production \"Le Petit Prince\", a tribute to the 70th anniversary of the writer's death, with the support of the Antoine de Saint-Exup\u00e9ry Foundation. She took part in the \"Prodiges\" television programmes on France T\u00e9l\u00e9vision from 2015 to 2017, as well as the \"Grand Concert\" broadcast live from the Stade de Lille.<\/p>\n\n\n\n<p><strong>After working on these productions with choreographer Fran\u00e7ois Mauduit, he invited her to join his own company in 2015.<\/strong><\/p>\n\n\n\n<p>Fran\u00e7ois Mauduit a dans\u00e9 \u00e0 l\u2019international et a \u00e9t\u00e9 danseur au sein du B\u00e9jart Ballet Lausanne sous la direction de Maurice B\u00e9jart qui l\u2019inspira tout au long de sa carri\u00e8re de danseur et de chor\u00e9graphe. La compagnie Fran\u00e7ois Mauduit (CCFM) se produit en France, en Europe et au Mexique, au travers du r\u00e9pertoire du chor\u00e9graphe alliant les grands ballets classiques ainsi que ses propres cr\u00e9ations.<\/p>\n\n\n\n<p>Ana\u00efs aura l\u2019opportunit\u00e9 d\u2019y interpr\u00e9ter les r\u00f4les de Cupidon et Mercedes dans Don Quichotte, les quatre Petits Cygnes ainsi que la variation de la Danse Russe dans l\u2019acte III du ballet \u00ab Un Lac, des Cygnes \u00bb, la Sylphide, Hommage \u00e0 Petipa et Aurore dans \u00ab La Belle au Bois Dormant \u00bb. Elle participe aux cr\u00e9ations telles que Carmen, la Dame de Pique, les Quatre Saisons, Bol\u00e9ro et Sacre du Printemps, Casse-Noisette et Luminaissance. Les danseurs auront l\u2019honneur d\u2019\u00eatre la premi\u00e8re compagnie en France \u00e0 interpr\u00e9ter avec l\u2019autorisation du George Balanchine Trust, la c\u00e9l\u00e8bre \u00ab Valse Fantaisie \u00bb de George Balanchine remont\u00e9e par Nanette Glushak, danseuse au New York City Ballet sous la direction de George Balanchine. Sa carri\u00e8re est mondiale, soliste \u00e0 l\u2019American Ballet Th\u00e9\u00e2tre, elle dansera aupr\u00e8s de c\u00e9l\u00e8bres partenaires comme Mikhail Barishnikov\u2026, deviendra directrices de nombreuses compagnies et depuis 1987, elle est charg\u00e9e de la transmission du r\u00e9pertoire Balanchine.<\/p>\n\n\n\n<p>September 2019, <strong>Ana\u00efs joins B&amp;M Compagnie<\/strong> sous la direction artistique de Manon Bastardie, soliste du Ballet National de Marseille dirig\u00e9 par Emio Greco et Piter Scholten. Elle y interpr\u00e8te les cr\u00e9ations de la chor\u00e9graphe dans Horizons, Tcha\u00efkovsky, Silence, Give up, If I Loose You. Elle est \u00e9galement intervenante aupr\u00e8s de la B&amp;M (Junior Compagnie) et assistante Chor\u00e9graphique.<\/p>\n\n\n\n<p>In January 2020, <strong>she joined the Compagnie Illicite Bayonne<\/strong> pour la production \u00ab Eden \u00bb sous la direction artistique de F\u1f00bio Lopez, danseur du Malandain Ballet Biarritz.<\/p>\n\n\n\n<p>August 2020, <strong>she joins CIE Estelle Danvers<\/strong> in which she performed BeBach, les Indes Galantes, Solos et Duos and Man That Is Born Of Woman. She is currently taking part in the new creation La Reine Transparente.<\/p>\n\n\n\n<p>Ana\u00efs is a <strong>versatile dancer<\/strong> qui parall\u00e8lement travaille avec le \u00ab La Fayette Ballet \u00bb retra\u00e7ant la vie du Marquis de La Fayette, la troupe se produit en France et aux Etats-Unis. Elle participe \u00e0 de nombreux spectacles lyriques produits par ATL Productions depuis plus de dix ans. Depuis quelques ann\u00e9es, elle a int\u00e9gr\u00e9 la revue \u00ab Foll Aventure \u00bb dirig\u00e9e par Fabienne Renaud.<\/p>\n\n\n<div class=\"wp-block-image\">\n<figure class=\"aligncenter size-full is-resized\"><img decoding=\"async\" width=\"1064\" height=\"1600\" src=\"https:\/\/www.ballettodanceshop.com\/wp-content\/uploads\/2021\/01\/portarit-Anais-Nils-2020-2.jpg\" alt=\"Ana\u00efs Suchet\" class=\"wp-image-75049\" style=\"width:372px;height:auto\"\/><\/figure>\n<\/div>\n\n\n<p><strong>Ana\u00efs has been a BALLETTO DANCE SHOP ambassador since September 2020.<\/strong><\/p>\n\n\n\n<h2 class=\"wp-block-heading\"><b>The B&amp;M Company<\/b><\/h2>\n\n\n<div class=\"wp-block-image\">\n<figure class=\"aligncenter size-full is-resized\"><img decoding=\"async\" width=\"2048\" height=\"1362\" src=\"https:\/\/www.ballettodanceshop.com\/wp-content\/uploads\/2021\/01\/DSC4019-scaled-1-scaled.jpg\" alt=\"B&amp;M Compagnie\" class=\"wp-image-75052\" style=\"width:549px;height:auto\"\/><\/figure>\n<\/div>\n\n\n<p><\/p>\n\n\n\n<p>La B&amp;M Compagnie sort des sentiers battus en g\u00e9n\u00e9rant sa propre identit\u00e9 \u00e0 travers une danse repr\u00e9sentant les fondamentaux du classique tout en se cr\u00e9ant une propre identit\u00e9 chor\u00e9graphique \u00e0 travers une \u00e9criture contemporaine. La compagnie associe donc diff\u00e9rents types de danses alliant performances techniques et expression moderne. Elle a pour objectif de s\u2019ouvrir \u00e0 un large public afin que chaque \u00e9motion et chaque histoire puisse \u00eatre reconnue et pleinement v\u00e9cue.<\/p>\n\n\n\n<p><strong>In September 2019, Ana\u00efs joins the B&amp;M Compagnie.<\/strong> She then danced various pieces from Manon Bastardie's repertoire: Horizons, Tchaikovsky, Give up, Silence, If I loose you.<\/p>\n\n\n\n<p><strong>Ana\u00efs is also joining the B&amp;M2 junior Compagnie teaching team in September 2019 to assist the choreographer and director, Manon Bastardie, with rehearsals.<\/strong> Her experience of working with young people means that she plays a key role. Her open-mindedness and willingness to take care of and advise these young artists make her an essential part of our young company's teaching team.<\/p>\n\n\n\n<p>Manon Bastardie, chor\u00e9graphe de la B&amp;M Compagnie, de par sa jeunesse redonne de la fraicheur et apporte un \u0153il jeune et novateur \u00e0 la danse n\u00e9o-classique et contemporaine. De par son exp\u00e9rience d\u00e8s l\u2019\u00e2ge de 19 ans dans une des plus grandes compagnies de danse, elle d\u00e9tient une approche moins violente et plus proche de ses danseurs. La jeune femme, pleine d\u2019\u00e9nergie et d\u2019ambitions semblerait avoir un don pour la cr\u00e9ation artistique puisqu\u2019elle a commenc\u00e9 \u00e0 chor\u00e9graphier ses propres solos d\u00e8s l\u2019\u00e2ge de 17 ans. C\u2019est rempli de nouveaut\u00e9s et d\u2019inspiration qu\u2019elle se lance dans la B&amp;M Compagnie.<\/p>\n\n\n\n<p>Ses cr\u00e9ations se composent alors de contemporain mais aussi de classique et n\u00e9o-classique : la Pluridisciplinarit\u00e9 \u00e9tant le plus grand alli\u00e9 de notre langage.<\/p>\n\n\n\n<p>La jeune femme n\u00e9e \u00e0 Albi, d\u00e9bute la danse \u00e0 l\u2019\u00e2ge de 5 ans et quitte sa ville natale \u00e0 13 ans pour int\u00e9grer l\u2019Ecole Nationale Sup\u00e9rieure de danse de Marseille. Elle y fera ses classes en horaires am\u00e9nag\u00e9s durant trois ann\u00e9es pour ensuite int\u00e9grer le VM Ballet \u00e0 Toulouse o\u00f9 la sc\u00e8ne est pr\u00e9pond\u00e9rante. Elle obtient son premier contrat professionnel au jeune \u00e2ge de 19 ans avec le Ballet National de Marseille sous la direction de Emio Greco et Peter Scholten. Durant deux ann\u00e9es, elle y rencontrera un grand nombre de personnalit\u00e9s importantes du monde la danse (anciens danseurs de grands chor\u00e9graphes comme W.Forsyth et A.Preljocaj). Elle aura \u00e9galement la chance de danser de nombreux r\u00f4les de corps de ballet mais aussi de solistes dans les cr\u00e9ations de Emio Greco et Peter Scholten (\u00ab le corps du ballet national de Marseille \u00bb, \u00abextremalism \u00bb, \n\u00ab momentum \u00bb, \u00ab bol\u00e9ro \u00bb, \u00ab pointless \u00bb.<\/p>\n\n\n\n<h2 class=\"wp-block-heading\"><b>Estelle Danvers and the Estelle Danvers Company<\/b><\/h2>\n\n\n<div class=\"wp-block-image\">\n<figure class=\"aligncenter size-full is-resized\"><img decoding=\"async\" width=\"2048\" height=\"1362\" src=\"https:\/\/www.ballettodanceshop.com\/wp-content\/uploads\/2021\/01\/DSC4168-scaled-1-scaled.jpg\" alt=\"Estelle Danvers and the Estelle Danvers Company\" class=\"wp-image-75054\" style=\"width:413px;height:auto\"\/><\/figure>\n<\/div>\n\n\n<p><\/p>\n\n\n\n<p>Trained at the Bordeaux Conservatoire, Estelle Danvers has worked with many choreographers in her career as a performer, and has also danced extensively in musical and operatic shows. This has left her with a strong taste for eclecticism and diversity - she loves exploring different worlds (especially musical ones) and mixing dance with other disciplines, especially singing and theatre.<\/p>\n\n\n\n<p>Chor\u00e9graphe pour des op\u00e9ras et autres spectacles musicaux depuis plus de 10 ans, elle signe ses premi\u00e8res cr\u00e9ations personnelles avec Patchwork, dont la premi\u00e8re est donn\u00e9e en 2017 au Caf\u00e9 de la Danse \u00e0 Paris : un ensemble de plusieurs pi\u00e8ces pour 9 danseurs, d\u2019une dur\u00e9e de 20-25 minutes chacune.<\/p>\n\n\n\n<p>For example, for BeBach, she called on an actor to guide the dancers in interpreting the characters she had imagined; for Retro, she used a song by Jacques Higelin or the voice of Jean Gabin.<\/p>\n\n\n\n<p>In the programme of Solos and Duos created in 2020, a lyric singer accompanies one of the dancers to the music of Casta Diva.<\/p>\n\n\n\n<p>In the 2021 creation, La Reine Transparente, this opera singer and a cellist will accompany the 6 dancers.<\/p>\n\n\n\n<p>This summer's programme includes a Mozart Requiem performed by 6 dancers and a string quartet.<\/p>\n\n\n\n<p>La chor\u00e9graphie a toujours \u00e9t\u00e9 une \u00e9vidence pour Estelle et son parcours d\u2019interpr\u00e8te lui a permis de fa\u00e7onner son langage : une gestuelle instinctive et fluide dans une \u00e9nergie contemporaine (en gardant une esth\u00e9tique n\u00e9oclassique par les lignes, la musicalit\u00e9, le rapport au public). L\u2019\u00e9motion est au c\u0153ur de son travail, pour Estelle, ce qui est important, \u00ab c\u2019est de transcrire une \u00e9motion par le mouvement, laisser venir des sentiments parfois enfouis sous la surface et les raconter en espace. Peu importe le langage, peu importe la technique, ce qui compte c\u2019est l\u2019intention, c\u2019est l\u2019histoire, c\u2019est le v\u00e9cu ! Ce qui compte c\u2019est la danse et le danseur. A cet instant pr\u00e9cis o\u00f9 il se livre sans pudeur, le reste n\u2019a plus d\u2019importance. \u00bb<\/p>\n\n\n\n<p>The dancers are very important to Estelle, because it is through them that the choreography takes on its full meaning. Thanks to the mix of solid classical training and varied experience of her dancers, she can move away from academicism and bring them into her own language.<\/p>\n\n\n\n<p>Estelle is accompanied by her assistant, Laetitia Antonin, with whom she has shared the stage for many years.\nFor administration and logistics, she relies on Marion Bonnet, who is also the Company's photographer.<\/p>\n\n\n\n<p>The Company's plans for 2021: \n<\/p>\n\n\n\n<ul class=\"wp-block-list\">\n<li>Creation of La Reine Transparente,<\/li>\n\n\n\n<li>Broadcast of Solos and Duets,<\/li>\n\n\n\n<li>Cultural and artistic education project on Ravel's Bolero, with 3 primary school classes in Colombes,<\/li>\n\n\n\n<li>Creation of a Mozart Requiem danced with a string quartet (Quatuor Ad\u00e9lys).<\/li>\n<\/ul>\n\n\n\n<p><\/p>\n\n\n\n<p><strong>See extracts:<\/strong><\/p>\n\n\n\n<ul class=\"wp-block-list\">\n<li><a href=\"https:\/\/vimeo.com\/474718428\" target=\"_blank\" rel=\"noopener noreferrer\">Extract from Casta Diva<\/a> solo, accompanied by an opera singer.<\/li>\n\n\n\n<li><a href=\"https:\/\/vimeo.com\/473100697\/4105b035b7\" target=\"_blank\" rel=\"noopener noreferrer\">Extract from Man that is born of woman<\/a> : duo.<\/li>\n\n\n\n<li><a href=\"https:\/\/vimeo.com\/472129752\" target=\"_blank\" rel=\"noopener noreferrer\">Extract from Bol\u00e9ro<\/a> solo.<\/li>\n\n\n\n<li><a href=\"https:\/\/youtu.be\/lOYEaO34GpU\" target=\"_blank\" rel=\"noopener noreferrer\">Extract from the new creation La Reine Transparente<\/a>.<\/li>\n\n\n\n<li>and also <a href=\"http:\/\/www.cieestelledanvers.com\" target=\"_blank\" rel=\"noopener noreferrer\">Cieestelledanvers<\/a>.<\/li>\n<\/ul>\n\n\n\n<p><i>*BALLETTO DANCE SHOP is the official supplier of the Dance Companies mentioned in this Blog.<\/i><\/p>","protected":false},"excerpt":{"rendered":"<p>La carri\u00e8re d&rsquo;Ana\u00efs Suchet Bordelaise, Ana\u00efs Suchet d\u00e9bute la danse \u00e0 l\u2019\u00e2ge de 4 ans. Elle int\u00e8gre le C.N.R. de Bordeaux \u00e0 8 ans et y poursuivra tout son cursus jusqu\u2019\u00e0 l\u2019obtention de son dipl\u00f4me d\u2019\u00e9tudes Chor\u00e9graphiques avec les f\u00e9licitations du jury \u00e0 l\u2019unanimit\u00e9. En parall\u00e8le, elle se perfectionne aupr\u00e8s de Martial Bockstaele, Danseur Etoile, [&hellip;]<\/p>\n","protected":false},"author":747,"featured_media":46229,"comment_status":"open","ping_status":"open","sticky":false,"template":"","format":"standard","meta":{"_acf_changed":false,"_oxygen_hide_in_design_set":false,"_oxygen_tags":"","footnotes":""},"categories":[829],"tags":[],"class_list":["post-46228","post","type-post","status-publish","format-standard","has-post-thumbnail","hentry","category-non-classe"],"acf":[],"yoast_head":"<!-- This site is optimized with the Yoast SEO plugin v27.4 - https:\/\/yoast.com\/product\/yoast-seo-wordpress\/ -->\n<title>La carri\u00e8re d&#039;une Ambassadrice Balletto Dance Shop - Balletto Dance Shop<\/title>\n<meta name=\"description\" content=\"Venez d\u00e9couvrir le portrait d&#039;Ana\u00efs Suchet ! Notre ambassadrice Balletto Dance Shop.\" \/>\n<meta name=\"robots\" content=\"index, follow, max-snippet:-1, max-image-preview:large, max-video-preview:-1\" \/>\n<link rel=\"canonical\" href=\"https:\/\/www.ballettodanceshop.com\/en\/balletto-dance-shop-ambassador-career\/\" \/>\n<meta property=\"og:locale\" content=\"en_GB\" \/>\n<meta property=\"og:type\" content=\"article\" \/>\n<meta property=\"og:title\" content=\"La carri\u00e8re d&#039;une Ambassadrice Balletto Dance Shop - Balletto Dance Shop\" \/>\n<meta property=\"og:description\" content=\"Venez d\u00e9couvrir le portrait d&#039;Ana\u00efs Suchet ! Notre ambassadrice Balletto Dance Shop.\" \/>\n<meta property=\"og:url\" content=\"https:\/\/www.ballettodanceshop.com\/en\/balletto-dance-shop-ambassador-career\/\" \/>\n<meta property=\"og:site_name\" content=\"Balletto Dance Shop\" \/>\n<meta property=\"article:publisher\" content=\"https:\/\/www.facebook.com\/Ballettodanceshop\/\" \/>\n<meta property=\"article:published_time\" content=\"2021-01-08T12:23:59+00:00\" \/>\n<meta property=\"article:modified_time\" content=\"2025-09-20T10:20:07+00:00\" \/>\n<meta property=\"og:image\" content=\"https:\/\/www.ballettodanceshop.com\/wp-content\/uploads\/2025\/07\/DSC4019-scaled-1.jpg\" \/>\n\t<meta property=\"og:image:width\" content=\"2048\" \/>\n\t<meta property=\"og:image:height\" content=\"1362\" \/>\n\t<meta property=\"og:image:type\" content=\"image\/jpeg\" \/>\n<meta name=\"author\" content=\"Balletto_Admin\" \/>\n<meta name=\"twitter:card\" content=\"summary_large_image\" \/>\n<meta name=\"twitter:creator\" content=\"@ballettodance\" \/>\n<meta name=\"twitter:site\" content=\"@ballettodance\" \/>\n<meta name=\"twitter:label1\" content=\"Written by\" \/>\n\t<meta name=\"twitter:data1\" content=\"Balletto_Admin\" \/>\n\t<meta name=\"twitter:label2\" content=\"Estimated reading time\" \/>\n\t<meta name=\"twitter:data2\" content=\"9 minutes\" \/>\n<script type=\"application\/ld+json\" class=\"yoast-schema-graph\">{\"@context\":\"https:\\\/\\\/schema.org\",\"@graph\":[{\"@type\":\"Article\",\"@id\":\"https:\\\/\\\/www.ballettodanceshop.com\\\/carriere-ambassadrice-balletto-dance-shop\\\/#article\",\"isPartOf\":{\"@id\":\"https:\\\/\\\/www.ballettodanceshop.com\\\/carriere-ambassadrice-balletto-dance-shop\\\/\"},\"author\":{\"name\":\"Balletto_Admin\",\"@id\":\"https:\\\/\\\/www.ballettodanceshop.com\\\/#\\\/schema\\\/person\\\/71471d65b7539db34cb8fd3498e4d9dc\"},\"headline\":\"La carri\u00e8re d&rsquo;une Ambassadrice Balletto Dance Shop\",\"datePublished\":\"2021-01-08T12:23:59+00:00\",\"dateModified\":\"2025-09-20T10:20:07+00:00\",\"mainEntityOfPage\":{\"@id\":\"https:\\\/\\\/www.ballettodanceshop.com\\\/carriere-ambassadrice-balletto-dance-shop\\\/\"},\"wordCount\":1763,\"commentCount\":0,\"publisher\":{\"@id\":\"https:\\\/\\\/www.ballettodanceshop.com\\\/#organization\"},\"image\":{\"@id\":\"https:\\\/\\\/www.ballettodanceshop.com\\\/carriere-ambassadrice-balletto-dance-shop\\\/#primaryimage\"},\"thumbnailUrl\":\"https:\\\/\\\/www.ballettodanceshop.com\\\/wp-content\\\/uploads\\\/2025\\\/07\\\/DSC4019-scaled-1.jpg\",\"articleSection\":[\"Non class\u00e9\"],\"inLanguage\":\"en-GB\",\"potentialAction\":[{\"@type\":\"CommentAction\",\"name\":\"Comment\",\"target\":[\"https:\\\/\\\/www.ballettodanceshop.com\\\/carriere-ambassadrice-balletto-dance-shop\\\/#respond\"]}]},{\"@type\":\"WebPage\",\"@id\":\"https:\\\/\\\/www.ballettodanceshop.com\\\/carriere-ambassadrice-balletto-dance-shop\\\/\",\"url\":\"https:\\\/\\\/www.ballettodanceshop.com\\\/carriere-ambassadrice-balletto-dance-shop\\\/\",\"name\":\"La carri\u00e8re d'une Ambassadrice Balletto Dance Shop - Balletto Dance Shop\",\"isPartOf\":{\"@id\":\"https:\\\/\\\/www.ballettodanceshop.com\\\/#website\"},\"primaryImageOfPage\":{\"@id\":\"https:\\\/\\\/www.ballettodanceshop.com\\\/carriere-ambassadrice-balletto-dance-shop\\\/#primaryimage\"},\"image\":{\"@id\":\"https:\\\/\\\/www.ballettodanceshop.com\\\/carriere-ambassadrice-balletto-dance-shop\\\/#primaryimage\"},\"thumbnailUrl\":\"https:\\\/\\\/www.ballettodanceshop.com\\\/wp-content\\\/uploads\\\/2025\\\/07\\\/DSC4019-scaled-1.jpg\",\"datePublished\":\"2021-01-08T12:23:59+00:00\",\"dateModified\":\"2025-09-20T10:20:07+00:00\",\"description\":\"Venez d\u00e9couvrir le portrait d'Ana\u00efs Suchet ! Notre ambassadrice Balletto Dance Shop.\",\"breadcrumb\":{\"@id\":\"https:\\\/\\\/www.ballettodanceshop.com\\\/carriere-ambassadrice-balletto-dance-shop\\\/#breadcrumb\"},\"inLanguage\":\"en-GB\",\"potentialAction\":[{\"@type\":\"ReadAction\",\"target\":[\"https:\\\/\\\/www.ballettodanceshop.com\\\/carriere-ambassadrice-balletto-dance-shop\\\/\"]}]},{\"@type\":\"ImageObject\",\"inLanguage\":\"en-GB\",\"@id\":\"https:\\\/\\\/www.ballettodanceshop.com\\\/carriere-ambassadrice-balletto-dance-shop\\\/#primaryimage\",\"url\":\"https:\\\/\\\/www.ballettodanceshop.com\\\/wp-content\\\/uploads\\\/2025\\\/07\\\/DSC4019-scaled-1.jpg\",\"contentUrl\":\"https:\\\/\\\/www.ballettodanceshop.com\\\/wp-content\\\/uploads\\\/2025\\\/07\\\/DSC4019-scaled-1.jpg\",\"width\":2048,\"height\":1362},{\"@type\":\"BreadcrumbList\",\"@id\":\"https:\\\/\\\/www.ballettodanceshop.com\\\/carriere-ambassadrice-balletto-dance-shop\\\/#breadcrumb\",\"itemListElement\":[{\"@type\":\"ListItem\",\"position\":1,\"name\":\"Accueil\",\"item\":\"https:\\\/\\\/www.ballettodanceshop.com\\\/\"},{\"@type\":\"ListItem\",\"position\":2,\"name\":\"La carri\u00e8re d&rsquo;une Ambassadrice Balletto Dance Shop\"}]},{\"@type\":\"WebSite\",\"@id\":\"https:\\\/\\\/www.ballettodanceshop.com\\\/#website\",\"url\":\"https:\\\/\\\/www.ballettodanceshop.com\\\/\",\"name\":\"Balletto Dance Shop\",\"description\":\"Keep Dancing !\",\"publisher\":{\"@id\":\"https:\\\/\\\/www.ballettodanceshop.com\\\/#organization\"},\"alternateName\":\"Balletto\",\"potentialAction\":[{\"@type\":\"SearchAction\",\"target\":{\"@type\":\"EntryPoint\",\"urlTemplate\":\"https:\\\/\\\/www.ballettodanceshop.com\\\/?s={search_term_string}\"},\"query-input\":{\"@type\":\"PropertyValueSpecification\",\"valueRequired\":true,\"valueName\":\"search_term_string\"}}],\"inLanguage\":\"en-GB\"},{\"@type\":\"Organization\",\"@id\":\"https:\\\/\\\/www.ballettodanceshop.com\\\/#organization\",\"name\":\"Balletto Dance Shop\",\"alternateName\":\"Balletto\",\"url\":\"https:\\\/\\\/www.ballettodanceshop.com\\\/\",\"logo\":{\"@type\":\"ImageObject\",\"inLanguage\":\"en-GB\",\"@id\":\"https:\\\/\\\/www.ballettodanceshop.com\\\/#\\\/schema\\\/logo\\\/image\\\/\",\"url\":\"https:\\\/\\\/www.ballettodanceshop.com\\\/wp-content\\\/uploads\\\/2025\\\/06\\\/LOGO-1.png\",\"contentUrl\":\"https:\\\/\\\/www.ballettodanceshop.com\\\/wp-content\\\/uploads\\\/2025\\\/06\\\/LOGO-1.png\",\"width\":508,\"height\":209,\"caption\":\"Balletto Dance Shop\"},\"image\":{\"@id\":\"https:\\\/\\\/www.ballettodanceshop.com\\\/#\\\/schema\\\/logo\\\/image\\\/\"},\"sameAs\":[\"https:\\\/\\\/www.facebook.com\\\/Ballettodanceshop\\\/\",\"https:\\\/\\\/x.com\\\/ballettodance\",\"https:\\\/\\\/www.tiktok.com\\\/@ballettodanceshop\",\"https:\\\/\\\/fr.linkedin.com\\\/company\\\/ballettodaneshop\",\"https:\\\/\\\/fr.pinterest.com\\\/ballettodanceshop\\\/\",\"https:\\\/\\\/www.threads.com\\\/@ballettodanceshop\",\"https:\\\/\\\/www.instagram.com\\\/ballettodanceshop\\\/\",\"https:\\\/\\\/www.youtube.com\\\/@ballettodanceshop\"]},{\"@type\":\"Person\",\"@id\":\"https:\\\/\\\/www.ballettodanceshop.com\\\/#\\\/schema\\\/person\\\/71471d65b7539db34cb8fd3498e4d9dc\",\"name\":\"Balletto_Admin\",\"url\":\"https:\\\/\\\/www.ballettodanceshop.com\\\/en\\\/author\\\/balletto_admin\\\/\"}]}<\/script>\n<!-- \/ Yoast SEO plugin. -->","yoast_head_json":{"title":"The career of a Balletto Dance Shop Ambassador - Balletto Dance Shop","description":"Come and discover the portrait of Ana\u00efs Suchet! Our Balletto Dance Shop ambassador.","robots":{"index":"index","follow":"follow","max-snippet":"max-snippet:-1","max-image-preview":"max-image-preview:large","max-video-preview":"max-video-preview:-1"},"canonical":"https:\/\/www.ballettodanceshop.com\/en\/balletto-dance-shop-ambassador-career\/","og_locale":"en_GB","og_type":"article","og_title":"La carri\u00e8re d'une Ambassadrice Balletto Dance Shop - Balletto Dance Shop","og_description":"Venez d\u00e9couvrir le portrait d'Ana\u00efs Suchet ! Notre ambassadrice Balletto Dance Shop.","og_url":"https:\/\/www.ballettodanceshop.com\/en\/balletto-dance-shop-ambassador-career\/","og_site_name":"Balletto Dance Shop","article_publisher":"https:\/\/www.facebook.com\/Ballettodanceshop\/","article_published_time":"2021-01-08T12:23:59+00:00","article_modified_time":"2025-09-20T10:20:07+00:00","og_image":[{"width":2048,"height":1362,"url":"https:\/\/www.ballettodanceshop.com\/wp-content\/uploads\/2025\/07\/DSC4019-scaled-1.jpg","type":"image\/jpeg"}],"author":"Balletto_Admin","twitter_card":"summary_large_image","twitter_creator":"@ballettodance","twitter_site":"@ballettodance","twitter_misc":{"Written by":"Balletto_Admin","Estimated reading time":"9 minutes"},"schema":{"@context":"https:\/\/schema.org","@graph":[{"@type":"Article","@id":"https:\/\/www.ballettodanceshop.com\/carriere-ambassadrice-balletto-dance-shop\/#article","isPartOf":{"@id":"https:\/\/www.ballettodanceshop.com\/carriere-ambassadrice-balletto-dance-shop\/"},"author":{"name":"Balletto_Admin","@id":"https:\/\/www.ballettodanceshop.com\/#\/schema\/person\/71471d65b7539db34cb8fd3498e4d9dc"},"headline":"La carri\u00e8re d&rsquo;une Ambassadrice Balletto Dance Shop","datePublished":"2021-01-08T12:23:59+00:00","dateModified":"2025-09-20T10:20:07+00:00","mainEntityOfPage":{"@id":"https:\/\/www.ballettodanceshop.com\/carriere-ambassadrice-balletto-dance-shop\/"},"wordCount":1763,"commentCount":0,"publisher":{"@id":"https:\/\/www.ballettodanceshop.com\/#organization"},"image":{"@id":"https:\/\/www.ballettodanceshop.com\/carriere-ambassadrice-balletto-dance-shop\/#primaryimage"},"thumbnailUrl":"https:\/\/www.ballettodanceshop.com\/wp-content\/uploads\/2025\/07\/DSC4019-scaled-1.jpg","articleSection":["Non class\u00e9"],"inLanguage":"en-GB","potentialAction":[{"@type":"CommentAction","name":"Comment","target":["https:\/\/www.ballettodanceshop.com\/carriere-ambassadrice-balletto-dance-shop\/#respond"]}]},{"@type":"WebPage","@id":"https:\/\/www.ballettodanceshop.com\/carriere-ambassadrice-balletto-dance-shop\/","url":"https:\/\/www.ballettodanceshop.com\/carriere-ambassadrice-balletto-dance-shop\/","name":"The career of a Balletto Dance Shop Ambassador - Balletto Dance Shop","isPartOf":{"@id":"https:\/\/www.ballettodanceshop.com\/#website"},"primaryImageOfPage":{"@id":"https:\/\/www.ballettodanceshop.com\/carriere-ambassadrice-balletto-dance-shop\/#primaryimage"},"image":{"@id":"https:\/\/www.ballettodanceshop.com\/carriere-ambassadrice-balletto-dance-shop\/#primaryimage"},"thumbnailUrl":"https:\/\/www.ballettodanceshop.com\/wp-content\/uploads\/2025\/07\/DSC4019-scaled-1.jpg","datePublished":"2021-01-08T12:23:59+00:00","dateModified":"2025-09-20T10:20:07+00:00","description":"Come and discover the portrait of Ana\u00efs Suchet! Our Balletto Dance Shop ambassador.","breadcrumb":{"@id":"https:\/\/www.ballettodanceshop.com\/carriere-ambassadrice-balletto-dance-shop\/#breadcrumb"},"inLanguage":"en-GB","potentialAction":[{"@type":"ReadAction","target":["https:\/\/www.ballettodanceshop.com\/carriere-ambassadrice-balletto-dance-shop\/"]}]},{"@type":"ImageObject","inLanguage":"en-GB","@id":"https:\/\/www.ballettodanceshop.com\/carriere-ambassadrice-balletto-dance-shop\/#primaryimage","url":"https:\/\/www.ballettodanceshop.com\/wp-content\/uploads\/2025\/07\/DSC4019-scaled-1.jpg","contentUrl":"https:\/\/www.ballettodanceshop.com\/wp-content\/uploads\/2025\/07\/DSC4019-scaled-1.jpg","width":2048,"height":1362},{"@type":"BreadcrumbList","@id":"https:\/\/www.ballettodanceshop.com\/carriere-ambassadrice-balletto-dance-shop\/#breadcrumb","itemListElement":[{"@type":"ListItem","position":1,"name":"Accueil","item":"https:\/\/www.ballettodanceshop.com\/"},{"@type":"ListItem","position":2,"name":"La carri\u00e8re d&rsquo;une Ambassadrice Balletto Dance Shop"}]},{"@type":"WebSite","@id":"https:\/\/www.ballettodanceshop.com\/#website","url":"https:\/\/www.ballettodanceshop.com\/","name":"Balletto Dance Shop","description":"Keep Dancing!","publisher":{"@id":"https:\/\/www.ballettodanceshop.com\/#organization"},"alternateName":"Balletto","potentialAction":[{"@type":"SearchAction","target":{"@type":"EntryPoint","urlTemplate":"https:\/\/www.ballettodanceshop.com\/?s={search_term_string}"},"query-input":{"@type":"PropertyValueSpecification","valueRequired":true,"valueName":"search_term_string"}}],"inLanguage":"en-GB"},{"@type":"Organization","@id":"https:\/\/www.ballettodanceshop.com\/#organization","name":"Balletto Dance Shop","alternateName":"Balletto","url":"https:\/\/www.ballettodanceshop.com\/","logo":{"@type":"ImageObject","inLanguage":"en-GB","@id":"https:\/\/www.ballettodanceshop.com\/#\/schema\/logo\/image\/","url":"https:\/\/www.ballettodanceshop.com\/wp-content\/uploads\/2025\/06\/LOGO-1.png","contentUrl":"https:\/\/www.ballettodanceshop.com\/wp-content\/uploads\/2025\/06\/LOGO-1.png","width":508,"height":209,"caption":"Balletto Dance Shop"},"image":{"@id":"https:\/\/www.ballettodanceshop.com\/#\/schema\/logo\/image\/"},"sameAs":["https:\/\/www.facebook.com\/Ballettodanceshop\/","https:\/\/x.com\/ballettodance","https:\/\/www.tiktok.com\/@ballettodanceshop","https:\/\/fr.linkedin.com\/company\/ballettodaneshop","https:\/\/fr.pinterest.com\/ballettodanceshop\/","https:\/\/www.threads.com\/@ballettodanceshop","https:\/\/www.instagram.com\/ballettodanceshop\/","https:\/\/www.youtube.com\/@ballettodanceshop"]},{"@type":"Person","@id":"https:\/\/www.ballettodanceshop.com\/#\/schema\/person\/71471d65b7539db34cb8fd3498e4d9dc","name":"Balletto_Admin","url":"https:\/\/www.ballettodanceshop.com\/en\/author\/balletto_admin\/"}]}},"_links":{"self":[{"href":"https:\/\/www.ballettodanceshop.com\/en\/wp-json\/wp\/v2\/posts\/46228","targetHints":{"allow":["GET"]}}],"collection":[{"href":"https:\/\/www.ballettodanceshop.com\/en\/wp-json\/wp\/v2\/posts"}],"about":[{"href":"https:\/\/www.ballettodanceshop.com\/en\/wp-json\/wp\/v2\/types\/post"}],"author":[{"embeddable":true,"href":"https:\/\/www.ballettodanceshop.com\/en\/wp-json\/wp\/v2\/users\/747"}],"replies":[{"embeddable":true,"href":"https:\/\/www.ballettodanceshop.com\/en\/wp-json\/wp\/v2\/comments?post=46228"}],"version-history":[{"count":8,"href":"https:\/\/www.ballettodanceshop.com\/en\/wp-json\/wp\/v2\/posts\/46228\/revisions"}],"predecessor-version":[{"id":75058,"href":"https:\/\/www.ballettodanceshop.com\/en\/wp-json\/wp\/v2\/posts\/46228\/revisions\/75058"}],"wp:featuredmedia":[{"embeddable":true,"href":"https:\/\/www.ballettodanceshop.com\/en\/wp-json\/wp\/v2\/media\/46229"}],"wp:attachment":[{"href":"https:\/\/www.ballettodanceshop.com\/en\/wp-json\/wp\/v2\/media?parent=46228"}],"wp:term":[{"taxonomy":"category","embeddable":true,"href":"https:\/\/www.ballettodanceshop.com\/en\/wp-json\/wp\/v2\/categories?post=46228"},{"taxonomy":"post_tag","embeddable":true,"href":"https:\/\/www.ballettodanceshop.com\/en\/wp-json\/wp\/v2\/tags?post=46228"}],"curies":[{"name":"wp","href":"https:\/\/api.w.org\/{rel}","templated":true}]}}